{"id":1477,"date":"2013-08-10T10:37:20","date_gmt":"2013-08-10T08:37:20","guid":{"rendered":"http:\/\/wnlds.es\/toursevilla\/?p=1477"},"modified":"2018-01-11T10:10:41","modified_gmt":"2018-01-11T09:10:41","slug":"visites-guidees-seville-eglise-saint-sauveur-visites-nocturnes-aux-terrasses-et-la-crypte","status":"publish","type":"post","link":"https:\/\/www.toursevilla.com\/fr\/visites-guidees-seville-eglise-saint-sauveur-visites-nocturnes-aux-terrasses-et-la-crypte\/","title":{"rendered":"VISITES GUID\u00c9ES DE S\u00c9VILLE. Eglise Saint-Sauveur. Visites nocturnes aux terrasses et la crypte"},"content":{"rendered":"<p>Cette \u00e9glise est surtout c\u00e9l\u00e8bre pour avoir accueilli deux confr\u00e9ries de la Semaine Sante: la confr\u00e9rie du Christ l&rsquo;amour et celle J\u00e9sus de Passion.<\/p>\n<p>Les deux ont des sculptures de grande valeur faites par les prestigieux sculpteurs baroques Juan de Mesa et Juan Martinez Montanes.<\/p>\n<p>L&rsquo;\u00e9glise est situ\u00e9e sur la place du m\u00eame nom. El Salvador est une \u00e9glise baroque du d\u00e9but du XVIIIe si\u00e8cle et elle a \u00e9t\u00e9 enti\u00e8rement restaur\u00e9 il y a quelques ann\u00e9es. Elle nous offre l&rsquo;un des patrimoines les plus riches artistique de S\u00e9ville.<\/p>\n<p>Jusqu&rsquo;au 15 Septembre nous avons l&rsquo;occasion de visiter le soir, les terrasses et aussi la crypte. Cettes visites guid\u00e9es sous le nom \u00ab Empreinte Sacr\u00e9e \u00bb, sont d\u00e9tenus dans des groupes de 10 personnes.<\/p>\n<p>Pour reserver :\u00a0<a href=\"http:\/\/reservas.cubiertasdelacatedral.com\/calendario-salvador\" target=\"_blank\" rel=\"noopener\">http:\/\/reservas.cubiertasdelacatedral.com\/calendario-salvador<\/a><\/p>\n","protected":false},"excerpt":{"rendered":"<p>Cette \u00e9glise est surtout c\u00e9l\u00e8bre pour avoir accueilli deux confr\u00e9ries de la Semaine Sante: la confr\u00e9rie du Christ l&rsquo;amour et celle J\u00e9sus de Passion. Les deux ont des sculptures de grande valeur faites par les prestigieux sculpteurs baroques Juan de Mesa et Juan Martinez Montanes. L&rsquo;\u00e9glise est situ\u00e9e sur la place du m\u00eame nom. El [&hellip;]<\/p>\n","protected":false},"author":1,"featured_media":779,"comment_status":"closed","ping_status":"open","sticky":false,"template":"","format":"standard","meta":{"footnotes":""},"categories":[50,43],"tags":[],"class_list":["post-1477","post","type-post","status-publish","format-standard","has-post-thumbnail","hentry","category-visites-guidees-de-seville","category-non-classifiee"],"_links":{"self":[{"href":"https:\/\/www.toursevilla.com\/fr\/wp-json\/wp\/v2\/posts\/1477","targetHints":{"allow":["GET"]}}],"collection":[{"href":"https:\/\/www.toursevilla.com\/fr\/wp-json\/wp\/v2\/posts"}],"about":[{"href":"https:\/\/www.toursevilla.com\/fr\/wp-json\/wp\/v2\/types\/post"}],"author":[{"embeddable":true,"href":"https:\/\/www.toursevilla.com\/fr\/wp-json\/wp\/v2\/users\/1"}],"replies":[{"embeddable":true,"href":"https:\/\/www.toursevilla.com\/fr\/wp-json\/wp\/v2\/comments?post=1477"}],"version-history":[{"count":0,"href":"https:\/\/www.toursevilla.com\/fr\/wp-json\/wp\/v2\/posts\/1477\/revisions"}],"wp:featuredmedia":[{"embeddable":true,"href":"https:\/\/www.toursevilla.com\/fr\/wp-json\/wp\/v2\/media\/779"}],"wp:attachment":[{"href":"https:\/\/www.toursevilla.com\/fr\/wp-json\/wp\/v2\/media?parent=1477"}],"wp:term":[{"taxonomy":"category","embeddable":true,"href":"https:\/\/www.toursevilla.com\/fr\/wp-json\/wp\/v2\/categories?post=1477"},{"taxonomy":"post_tag","embeddable":true,"href":"https:\/\/www.toursevilla.com\/fr\/wp-json\/wp\/v2\/tags?post=1477"}],"curies":[{"name":"wp","href":"https:\/\/api.w.org\/{rel}","templated":true}]}}